{"id":1729,"date":"2021-07-06T09:41:36","date_gmt":"2021-07-06T09:41:36","guid":{"rendered":"https:\/\/www.argoterceraedad.es\/?p=1729"},"modified":"2021-09-20T07:18:30","modified_gmt":"2021-09-20T07:18:30","slug":"otra-prueba","status":"publish","type":"post","link":"https:\/\/www.argoterceraedad.es\/en\/otra-prueba\/","title":{"rendered":"\u00abDAMOS VIDA A LOS A\u00d1OS\u00bb"},"content":{"rendered":"<div data-elementor-type=\"wp-post\" data-elementor-id=\"1729\" class=\"elementor elementor-1729\" data-elementor-post-type=\"post\">\n\t\t\t\t\t\t<section class=\"elementor-section elementor-top-section elementor-element elementor-element-a48df35 elementor-section-boxed elementor-section-height-default elementor-section-height-default\" data-id=\"a48df35\" data-element_type=\"section\" data-e-type=\"section\">\n\t\t\t\t\t\t<div class=\"elementor-container elementor-column-gap-default\">\n\t\t\t\t\t<div class=\"elementor-column elementor-col-100 elementor-top-column elementor-element elementor-element-316c7b7\" data-id=\"316c7b7\" data-element_type=\"column\" data-e-type=\"column\">\n\t\t\t<div class=\"elementor-widget-wrap elementor-element-populated\">\n\t\t\t\t\t\t<div class=\"elementor-element elementor-element-2482ce8 elementor-widget elementor-widget-text-editor\" data-id=\"2482ce8\" data-element_type=\"widget\" data-e-type=\"widget\" data-widget_type=\"text-editor.default\">\n\t\t\t\t<div class=\"elementor-widget-container\">\n\t\t\t\t\t\t\t\t\t<p><br>Este es nuestro lema.<\/p>\n<p>ARGO nace con esta filosof\u00eda. ARGO es una empresa que presta servicios con coraz\u00f3n.<\/p>\n<p>Trabajamos para que nuestros mayores vivan su vejez con la mejor calidad de vida posible, y apoyamos a los familiares para que disfruten de la \u00faltima etapa de vida de sus padres.<\/p>\n<p>Divulgamos que la vejez debe ser una etapa hermosa, y no de estr\u00e9s, de nervios ni de malas caras.<\/p>\n<p>\u00bfTe has parado a pensar c\u00f3mo te gustar\u00eda vivir tus \u00faltimos a\u00f1os de vida?<\/p>\n<ul>\n<li>Generalmente, los hijos tenemos muy poca paciencia con nuestros padres y abuelos mayores. Llevamos una vida acelerada y rutinaria:<\/li>\n<li>7.00am despertador sonando.<\/li>\n<li>9.30am entrada al trabajo; nervios, tensi\u00f3n.<\/li>\n<li>17.30pm salida del trabajo; recoger a los ni\u00f1os de extraescolares. Llego tarde.<\/li>\n<li>18.00pm hacerle la compra a tu madre. Ir a llev\u00e1rsela y pasar un rato con ella. Cada vez su Alzheimer va a m\u00e1s.<\/li>\n<li>19.30pm m\u00e1s nervios, te saca de tus casillas. No la entiendes ni ella te entiende a ti.<\/li>\n<li>20.30pm te vas a tu casa sinti\u00e9ndote culpable por haberle contestado de esa manera y por verla cada vez m\u00e1s deteriorada.<\/li>\n<li>21.20pm cena, ducha, ver una pel\u00edcula que no te gusta.<\/li>\n<li>Son las 00.30am. Vas a la cama. te cuesta dormir, duermes mal\u2026<\/li>\n<\/ul>\n<p>No le has dado ni las buenas noches a tu marido. Te sientes mal por doble. Qu\u00e9 estoy haciendo.<\/p>\n<p>Y vuelta a empezar. Solo es lunes.<\/p>\n<p>\u00bfTe resuena esto?<\/p>\n<p>Tus padres, tus abuelos\u2026lo que m\u00e1s quieres en esta vida se merece que les cuides con cari\u00f1o, a c\u00e1mara lenta, saboreando cada detalle\u2026porque cuando no est\u00e9n, cu\u00e1nto te arrepentir\u00e1s de no haberlos disfrutado.<\/p>\n<p>Esto no solo lo digo yo, lo dicen much\u00edsimas familias a las que atendemos.<\/p>\n<p>Por esto ARGO est\u00e1 aqu\u00ed, contigo, a tu lado.<\/p>\n<p>Para escucharte.<\/p>\n<p>Para darte soluciones, y conciliar de una manera sana tu vida con el cuidado de tus padres.<\/p>\n<p><\/p>\n<h5 style=\"text-align: right;\"><strong>Sara G\u00f3mez<\/strong><br><em>Fundadora de ARG<\/em><\/h5>\t\t\t\t\t\t\t\t<\/div>\n\t\t\t\t<\/div>\n\t\t\t\t\t<\/div>\n\t\t<\/div>\n\t\t\t\t\t<\/div>\n\t\t<\/section>\n\t\t\t\t<\/div>","protected":false},"excerpt":{"rendered":"<p>Este es nuestro lema. ARGO nace con esta filosof\u00eda. ARGO es una empresa que presta servicios con coraz\u00f3n. Trabajamos para que nuestros mayores vivan su vejez con la mejor calidad de vida posible, y apoyamos a los familiares para que disfruten de la \u00faltima etapa de vida de sus padres. Divulgamos que la vejez debe [&hellip;]<\/p>\n","protected":false},"author":1,"featured_media":1736,"comment_status":"open","ping_status":"open","sticky":false,"template":"","format":"standard","meta":{"_acf_changed":false,"footnotes":""},"categories":[4,25],"class_list":["post-1729","post","type-post","status-publish","format-standard","has-post-thumbnail","hentry","category-de-interes","category-cuidadoras"],"acf":[],"_links":{"self":[{"href":"https:\/\/www.argoterceraedad.es\/en\/wp-json\/wp\/v2\/posts\/1729","targetHints":{"allow":["GET"]}}],"collection":[{"href":"https:\/\/www.argoterceraedad.es\/en\/wp-json\/wp\/v2\/posts"}],"about":[{"href":"https:\/\/www.argoterceraedad.es\/en\/wp-json\/wp\/v2\/types\/post"}],"author":[{"embeddable":true,"href":"https:\/\/www.argoterceraedad.es\/en\/wp-json\/wp\/v2\/users\/1"}],"replies":[{"embeddable":true,"href":"https:\/\/www.argoterceraedad.es\/en\/wp-json\/wp\/v2\/comments?post=1729"}],"version-history":[{"count":17,"href":"https:\/\/www.argoterceraedad.es\/en\/wp-json\/wp\/v2\/posts\/1729\/revisions"}],"predecessor-version":[{"id":2080,"href":"https:\/\/www.argoterceraedad.es\/en\/wp-json\/wp\/v2\/posts\/1729\/revisions\/2080"}],"wp:featuredmedia":[{"embeddable":true,"href":"https:\/\/www.argoterceraedad.es\/en\/wp-json\/wp\/v2\/media\/1736"}],"wp:attachment":[{"href":"https:\/\/www.argoterceraedad.es\/en\/wp-json\/wp\/v2\/media?parent=1729"}],"wp:term":[{"taxonomy":"category","embeddable":true,"href":"https:\/\/www.argoterceraedad.es\/en\/wp-json\/wp\/v2\/categories?post=1729"}],"curies":[{"name":"wp","href":"https:\/\/api.w.org\/{rel}","templated":true}]}}