{"id":2068,"date":"2021-09-20T09:04:05","date_gmt":"2021-09-20T09:04:05","guid":{"rendered":"https:\/\/www.argoterceraedad.es\/?p=2068"},"modified":"2021-09-20T09:04:07","modified_gmt":"2021-09-20T09:04:07","slug":"los-recuerdos-forman-tu-vida-cuidalos","status":"publish","type":"post","link":"https:\/\/www.argoterceraedad.es\/en\/los-recuerdos-forman-tu-vida-cuidalos\/","title":{"rendered":"\u00abCUIDAR NUESTROS RECUERDOS\u00bb"},"content":{"rendered":"<h3 class=\"has-text-align-center wp-block-heading\">Gracias al cuaderno <em>Cerebro en Forma<\/em> de ARGO, <\/h3>\n\n\n\n<h3 class=\"has-text-align-center wp-block-heading\">Ana record\u00f3 el d\u00eda de su 60 aniversario de boda.<\/h3>\n\n\n\n<p><\/p>\n\n\n\n<p>Esta es la historia de dos mujeres. Ana, de 85 a\u00f1os y Dounya, de 31. Hacen un estupendo equipo.<\/p>\n\n\n\n<p>De lunes a viernes, Dounya a las 10.30am se monta en su coche direcci\u00f3n Cenicero, para acudir a casa de Ana dos horitas para ayudarle en lo que necesite. Ella la espera con ganas.<\/p>\n\n\n\n<p>El marido de Ana, est\u00e1 por ah\u00ed viendo las vi\u00f1as o conversando con alg\u00fan vecino del pueblo.<\/p>\n\n\n\n<p>Juntas hacen las tareas del hogar, preparan la comida y salen a por el pan d\u00e1ndose un paseo.<\/p>\n\n\n\n<p>Ya son las 12.30pm: hora de los deberes. As\u00ed es como llaman a la rutina de estimulaci\u00f3n cognitiva para Ana.<\/p>\n\n\n\n<p>Todos los d\u00edas hacen una pagina del cuaderno para fortalecer la memoria. \u00a1Y no se pierden uno!<\/p>\n\n\n\n<p>Ana se siente motivada y comprendida por Dounya. <\/p>\n\n\n\n<p class=\"has-normal-font-size\">Si alg\u00fan ejercicio no le sale, no pasa nada. Dounya le da pistas y le hace preguntas gui\u00e1ndole hacia la soluci\u00f3n. <\/p>\n\n\n\n<p>Las risas no faltan tampoco. Ana se lo toma con humor gracias al cari\u00f1o de Dounya.<\/p>\n\n\n\n<p>Los deberes los hacen en el merendero de casa, donde Ana y su marido hacen la vida en verano. All\u00ed es donde se sienten tranquilos. <\/p>\n\n\n\n<p>En el cuaderno Ana realiza ejercicios de memoria, de vocabulario, de c\u00e1lculo, de l\u00f3gica y de atenci\u00f3n. Como vemos en la foto de arriba.<\/p>\n\n\n\n<p>Un d\u00eda, haciendo un ejercicio tuvo que escribir la fecha en la que se hab\u00eda casado. Era en Agosto. <\/p>\n\n\n\n<p>Pasaron los d\u00edas, y cuando lleg\u00f3 ese d\u00eda se\u00f1alado, nada m\u00e1s ver a Dounya, se lo dijo. <\/p>\n\n\n\n<p>Le dijo que hoy era su 60 aniversario de bodas. Y que lo recordaba porque recientemente lo hab\u00eda escrito en el cuaderno.<\/p>\n\n\n\n<p>Miradas c\u00f3mplices, con alegr\u00eda y emoci\u00f3n.<\/p>\n\n\n\n<p>Porque no hay nada m\u00e1s bonito que recordar y celebrar los d\u00edas m\u00e1s importantes de tu vida.<\/p>\n\n\n\n<p>Gracias Ana y Dounya, por regalarnos esta historia y enfocarnos en lo que de verdad importa.<\/p>\n\n\n\n<p class=\"has-text-align-center\"><\/p>","protected":false},"excerpt":{"rendered":"<p>Gracias al cuaderno Cerebro en Forma de ARGO, Ana record\u00f3 el d\u00eda de su 60 aniversario de boda. Esta es la historia de dos mujeres. Ana, de 85 a\u00f1os y Dounya, de 31. Hacen un estupendo equipo. De lunes a viernes, Dounya a las 10.30am se monta en su coche direcci\u00f3n Cenicero, para acudir a [&hellip;]<\/p>\n","protected":false},"author":1,"featured_media":2071,"comment_status":"open","ping_status":"open","sticky":false,"template":"","format":"standard","meta":{"_acf_changed":false,"footnotes":""},"categories":[26,25,4],"class_list":["post-2068","post","type-post","status-publish","format-standard","has-post-thumbnail","hentry","category-estimulacion-cognitiva","category-cuidadoras","category-de-interes"],"acf":[],"_links":{"self":[{"href":"https:\/\/www.argoterceraedad.es\/en\/wp-json\/wp\/v2\/posts\/2068","targetHints":{"allow":["GET"]}}],"collection":[{"href":"https:\/\/www.argoterceraedad.es\/en\/wp-json\/wp\/v2\/posts"}],"about":[{"href":"https:\/\/www.argoterceraedad.es\/en\/wp-json\/wp\/v2\/types\/post"}],"author":[{"embeddable":true,"href":"https:\/\/www.argoterceraedad.es\/en\/wp-json\/wp\/v2\/users\/1"}],"replies":[{"embeddable":true,"href":"https:\/\/www.argoterceraedad.es\/en\/wp-json\/wp\/v2\/comments?post=2068"}],"version-history":[{"count":7,"href":"https:\/\/www.argoterceraedad.es\/en\/wp-json\/wp\/v2\/posts\/2068\/revisions"}],"predecessor-version":[{"id":2076,"href":"https:\/\/www.argoterceraedad.es\/en\/wp-json\/wp\/v2\/posts\/2068\/revisions\/2076"}],"wp:featuredmedia":[{"embeddable":true,"href":"https:\/\/www.argoterceraedad.es\/en\/wp-json\/wp\/v2\/media\/2071"}],"wp:attachment":[{"href":"https:\/\/www.argoterceraedad.es\/en\/wp-json\/wp\/v2\/media?parent=2068"}],"wp:term":[{"taxonomy":"category","embeddable":true,"href":"https:\/\/www.argoterceraedad.es\/en\/wp-json\/wp\/v2\/categories?post=2068"}],"curies":[{"name":"wp","href":"https:\/\/api.w.org\/{rel}","templated":true}]}}