{"id":2134,"date":"2021-11-12T12:16:03","date_gmt":"2021-11-12T12:16:03","guid":{"rendered":"https:\/\/www.argoterceraedad.es\/?p=2134"},"modified":"2021-11-12T12:27:38","modified_gmt":"2021-11-12T12:27:38","slug":"para-cuidar-hay-que-cuidarse","status":"publish","type":"post","link":"https:\/\/www.argoterceraedad.es\/en\/para-cuidar-hay-que-cuidarse\/","title":{"rendered":"PARA CUIDAR, HAY QUE CUIDARSE"},"content":{"rendered":"<p><\/p>\n\n\n\n<p><\/p>\n\n\n\n<p><\/p>\n\n\n\n<h4 class=\"wp-block-heading\"><em>Tengo miedo a la muerte. Todas las noches voy a la habitaci\u00f3n donde duerme la se\u00f1ora a la que cuido para supervisar que respira<\/em>. Qu\u00e9 alivio.<\/h4>\n\n\n\n<h4 class=\"has-text-align-right wp-block-heading\"><\/h4>\n\n\n\n<p><\/p>\n\n\n\n<p>Y bien&#8230;\u00bfc\u00f3mo te quedas tras leer el sentimiento de miedo de Fatiha? Sin palabras, \u00bfverdad?<\/p>\n\n\n\n<p>Las cuidadoras de personas mayores sienten emociones muy diversas a lo largo del d\u00eda. Y fuertes, intensas.<\/p>\n\n\n\n<p>En ARGO consideramos esencial crear espacios de desahogo y aprendizaje para nuestras cuidadoras. Porque ellas son una pieza clave de nuestro quehacer profesional.<\/p>\n\n\n\n<p>El pasado viernes <strong>5 de Noviembre<\/strong> se celebr\u00f3 el <strong>D\u00eda internacional de las personas cuidadoras<\/strong> y fue la fecha id\u00f3nea para abrir nuestra Escuela de Cuidadoras con un curso esencial.<\/p>\n\n\n\n<p>Trabajamos el Autocuidado, poniendo el foco en el Autocuidado Emocional.<\/p>\n\n\n\n<p>Las 4 emociones que las cuidadoras de personas mayores m\u00e1s sienten son: <\/p>\n\n\n\n<ul class=\"wp-block-list\"><li>Miedo<\/li><li>Alegr\u00eda<\/li><li>Tristeza<\/li><li>Enfado<\/li><\/ul>\n\n\n\n<p><\/p>\n\n\n\n<p>En este curso trabajamos la importancia de cuidarnos a nosotras mismas para poder cuidar bien a los dem\u00e1s.<\/p>\n\n\n\n<h2 class=\"alignwide has-text-align-center wp-block-heading\">Poner l\u00edmites o pedir ayuda es fundamental<\/h2>\n\n\n\n<p><\/p>\n\n\n\n<p>Aprendimos t\u00e9cnicas para identificar y realizar una gesti\u00f3n adecuada de las emociones que nos surgen en el trabajo. Y para ser nuestra propia medicina. Pusimos \u00e9nfasis en la relajaci\u00f3n, tan necesaria para afrontar los d\u00edas con serenidad.<\/p>\n\n\n\n<p>Fue un d\u00eda especial por varios motivos, pero sobre todo, porque todas pudieron expresas sus emociones y experiencias, y se sintieron comprendidas por sus compa\u00f1eras. Se empez\u00f3 a formar la tribu ARGO.<\/p>\n\n\n\n<p><\/p>\n\n\n\n<h2 class=\"has-text-align-center wp-block-heading\">Contar lo que sentimos a veces es dif\u00edcil pero, \u00a1qu\u00e9 bien sienta!<\/h2>\n\n\n\n<p>Os dejamos a continuaci\u00f3n algunos testimonios de las cuidadoras a domicilio que est\u00e1n en primera linea:<\/p>\n\n\n\n<div class=\"wp-block-group is-layout-flow wp-block-group-is-layout-flow\">\n<ul class=\"wp-block-list\"><li>Dounya nos comenta que siente felicidad cuando los abuelos a los que cuida sonr\u00eden.<\/li><\/ul>\n\n\n\n<ul class=\"wp-block-list\"><li>Chafia nos confiesa que siente miedo cuando le llaman por tel\u00e9fono en horario laboral.<\/li><\/ul>\n\n\n\n<ul class=\"wp-block-list\"><li>Fatiha tambi\u00e9n siente miedo por las noches a que la persona a la que cuida fallezca.<\/li><\/ul>\n\n\n\n<ul class=\"wp-block-list\"><li>Lili y Soraya sienten tristeza al saber que no pueden hacer m\u00e1s de lo que hacen, y que determinadas enfermedades son irreversibles.<\/li><\/ul>\n\n\n\n<ul class=\"wp-block-list\"><li>Hanane se enfada cuando el abuelo no se quiere duchar. Es hora de respirar y tener paciencia para convencerlo.<\/li><\/ul>\n\n\n\n<ul class=\"wp-block-list\"><li>Latifa siente alegr\u00eda cuando pasea y canta con la abuela a la que cuida, y tambi\u00e9n tristeza al dejar algunos trabajos por ser temporales. Cuenta que coge mucho cari\u00f1o a las personas.<\/li><\/ul>\n<\/div>\n\n\n\n<p><\/p>\n\n\n\n<p>Agradecemos a todas las participantes por ser y estar \ud83d\ude42 Y os mostramos algunas fotos que quedan para el recuerdo de un d\u00eda inolvidable.<\/p>\n\n\n\n<div class=\"wp-block-image is-style-rounded\"><figure class=\"aligncenter size-large is-resized\"><img fetchpriority=\"high\" decoding=\"async\" src=\"https:\/\/www.argoterceraedad.es\/wp-content\/uploads\/2021\/11\/20211105_171957-768x1024.jpg\" alt=\"\" class=\"wp-image-2137\" width=\"400\" height=\"533\" srcset=\"https:\/\/www.argoterceraedad.es\/wp-content\/uploads\/2021\/11\/20211105_171957-768x1024.jpg 768w, https:\/\/www.argoterceraedad.es\/wp-content\/uploads\/2021\/11\/20211105_171957-225x300.jpg 225w, https:\/\/www.argoterceraedad.es\/wp-content\/uploads\/2021\/11\/20211105_171957-1152x1536.jpg 1152w, https:\/\/www.argoterceraedad.es\/wp-content\/uploads\/2021\/11\/20211105_171957-1536x2048.jpg 1536w, https:\/\/www.argoterceraedad.es\/wp-content\/uploads\/2021\/11\/20211105_171957-1320x1760.jpg 1320w, https:\/\/www.argoterceraedad.es\/wp-content\/uploads\/2021\/11\/20211105_171957-600x800.jpg 600w, https:\/\/www.argoterceraedad.es\/wp-content\/uploads\/2021\/11\/20211105_171957-scaled.jpg 1920w\" sizes=\"(max-width: 400px) 100vw, 400px\" \/><figcaption>Nuestro espacio ARGO preparado para recibir a las participantes del curso<\/figcaption><\/figure><\/div>\n\n\n\n<div class=\"wp-block-columns is-layout-flex wp-container-core-columns-is-layout-28f84493 wp-block-columns-is-layout-flex\">\n<div class=\"wp-block-column is-layout-flow wp-block-column-is-layout-flow\" style=\"flex-basis:100%\">\n<div class=\"wp-block-columns is-layout-flex wp-container-core-columns-is-layout-28f84493 wp-block-columns-is-layout-flex\">\n<div class=\"wp-block-column is-layout-flow wp-block-column-is-layout-flow\" style=\"flex-basis:100%\">\n<div class=\"wp-block-image is-style-rounded\"><figure class=\"alignleft size-large is-resized\"><img decoding=\"async\" src=\"https:\/\/www.argoterceraedad.es\/wp-content\/uploads\/2021\/11\/20211105_214852-1024x527.jpg\" alt=\"\" class=\"wp-image-2138\" width=\"689\" height=\"354\" srcset=\"https:\/\/www.argoterceraedad.es\/wp-content\/uploads\/2021\/11\/20211105_214852-1024x527.jpg 1024w, https:\/\/www.argoterceraedad.es\/wp-content\/uploads\/2021\/11\/20211105_214852-300x154.jpg 300w, https:\/\/www.argoterceraedad.es\/wp-content\/uploads\/2021\/11\/20211105_214852-768x395.jpg 768w, https:\/\/www.argoterceraedad.es\/wp-content\/uploads\/2021\/11\/20211105_214852-1536x790.jpg 1536w, https:\/\/www.argoterceraedad.es\/wp-content\/uploads\/2021\/11\/20211105_214852-scaled.jpg 1990w, https:\/\/www.argoterceraedad.es\/wp-content\/uploads\/2021\/11\/20211105_214852-1320x679.jpg 1320w, https:\/\/www.argoterceraedad.es\/wp-content\/uploads\/2021\/11\/20211105_214852-600x309.jpg 600w\" sizes=\"(max-width: 689px) 100vw, 689px\" \/><figcaption>Turno de ma\u00f1ana. De izquierda a derecha: Dounya, Lorena, Fatiha y Chafia<\/figcaption><\/figure><\/div>\n\n\n\n<p><\/p>\n<\/div>\n<\/div>\n\n\n\n<div class=\"wp-block-image is-style-rounded\"><figure class=\"alignright size-large is-resized\"><img decoding=\"async\" src=\"https:\/\/www.argoterceraedad.es\/wp-content\/uploads\/2021\/11\/20211105_21465216745-1024x508.jpg\" alt=\"\" class=\"wp-image-2139\" width=\"728\" height=\"361\" srcset=\"https:\/\/www.argoterceraedad.es\/wp-content\/uploads\/2021\/11\/20211105_21465216745-1024x508.jpg 1024w, https:\/\/www.argoterceraedad.es\/wp-content\/uploads\/2021\/11\/20211105_21465216745-300x149.jpg 300w, https:\/\/www.argoterceraedad.es\/wp-content\/uploads\/2021\/11\/20211105_21465216745-768x381.jpg 768w, https:\/\/www.argoterceraedad.es\/wp-content\/uploads\/2021\/11\/20211105_21465216745-1536x762.jpg 1536w, https:\/\/www.argoterceraedad.es\/wp-content\/uploads\/2021\/11\/20211105_21465216745-1320x655.jpg 1320w, https:\/\/www.argoterceraedad.es\/wp-content\/uploads\/2021\/11\/20211105_21465216745-600x298.jpg 600w, https:\/\/www.argoterceraedad.es\/wp-content\/uploads\/2021\/11\/20211105_21465216745.jpg 1600w\" sizes=\"(max-width: 728px) 100vw, 728px\" \/><figcaption>Turno de tarde. De izquierda a derecha: Ouafae, Latifa, Latifa, Halima, Hanane, Fatima, Soraya, Lili, Sara, Guizlane y Sara <\/figcaption><\/figure><\/div>\n<\/div>\n<\/div>\n\n\n\n<p>\u00a1GRACIAS A TODAS! \u00a1REPETIREMOS EN BREVE!<\/p>\n\n\n\n<p>Sara y Lorena, <em>directora y coordinadora de ARGO<\/em> <\/p>","protected":false},"excerpt":{"rendered":"<p>Tengo miedo a la muerte. Todas las noches voy a la habitaci\u00f3n donde duerme la se\u00f1ora a la que cuido para supervisar que respira. Qu\u00e9 alivio. Y bien&#8230;\u00bfc\u00f3mo te quedas tras leer el sentimiento de miedo de Fatiha? Sin palabras, \u00bfverdad? Las cuidadoras de personas mayores sienten emociones muy diversas a lo largo del d\u00eda. [&hellip;]<\/p>\n","protected":false},"author":1,"featured_media":2153,"comment_status":"open","ping_status":"open","sticky":false,"template":"","format":"standard","meta":{"_acf_changed":false,"footnotes":""},"categories":[12,25,4],"class_list":["post-2134","post","type-post","status-publish","format-standard","has-post-thumbnail","hentry","category-eventos","category-cuidadoras","category-de-interes"],"acf":[],"_links":{"self":[{"href":"https:\/\/www.argoterceraedad.es\/en\/wp-json\/wp\/v2\/posts\/2134","targetHints":{"allow":["GET"]}}],"collection":[{"href":"https:\/\/www.argoterceraedad.es\/en\/wp-json\/wp\/v2\/posts"}],"about":[{"href":"https:\/\/www.argoterceraedad.es\/en\/wp-json\/wp\/v2\/types\/post"}],"author":[{"embeddable":true,"href":"https:\/\/www.argoterceraedad.es\/en\/wp-json\/wp\/v2\/users\/1"}],"replies":[{"embeddable":true,"href":"https:\/\/www.argoterceraedad.es\/en\/wp-json\/wp\/v2\/comments?post=2134"}],"version-history":[{"count":10,"href":"https:\/\/www.argoterceraedad.es\/en\/wp-json\/wp\/v2\/posts\/2134\/revisions"}],"predecessor-version":[{"id":2157,"href":"https:\/\/www.argoterceraedad.es\/en\/wp-json\/wp\/v2\/posts\/2134\/revisions\/2157"}],"wp:featuredmedia":[{"embeddable":true,"href":"https:\/\/www.argoterceraedad.es\/en\/wp-json\/wp\/v2\/media\/2153"}],"wp:attachment":[{"href":"https:\/\/www.argoterceraedad.es\/en\/wp-json\/wp\/v2\/media?parent=2134"}],"wp:term":[{"taxonomy":"category","embeddable":true,"href":"https:\/\/www.argoterceraedad.es\/en\/wp-json\/wp\/v2\/categories?post=2134"}],"curies":[{"name":"wp","href":"https:\/\/api.w.org\/{rel}","templated":true}]}}