{"id":2378,"date":"2022-09-22T17:43:34","date_gmt":"2022-09-22T17:43:34","guid":{"rendered":"https:\/\/www.argoterceraedad.es\/?p=2378"},"modified":"2023-05-23T09:33:20","modified_gmt":"2023-05-23T09:33:20","slug":"ejercicio-fisico-y-demencia","status":"publish","type":"post","link":"https:\/\/www.argoterceraedad.es\/en\/ejercicio-fisico-y-demencia\/","title":{"rendered":"EJERCICIO FISICO Y DEMENCIA"},"content":{"rendered":"<p>En ARGO, somos defensores de utilizar el ejercicio f\u00edsico y el deporte como una herramienta de ayuda para ralentizar el avance de demencias, como el Alzheimer.<\/p>\n\n\n\n<p>Hemos estado investigando y aqu\u00ed os recogemos algunas conclusiones extra\u00eddas, las cuales, son muy interesantes.<\/p>\n\n\n\n<p>Un estudio sobre el entrenamiento f\u00edsico y demencia, realizado por el Centro Geri\u00e1trico de la Universidad de Heidelberg (Alemania), llega a la afirmaci\u00f3n de que por medio del entrenamiento los pacientes mejoran su autoestima, al experimentar la sensaci\u00f3n de que ellos mismos pueden lograr algo para mejorar su situaci\u00f3n. <\/p>\n\n\n\n<p>Seg\u00fan el estudio, estos pacientes mantienen un buen estado de \u00e1nimo, aspecto esencial.<\/p>\n\n\n\n<p>Adem\u00e1s, el entrenamiento f\u00edsica regular, esto es con car\u00e1cter semanal, fortalece a los pacientes y mejoran las funciones mentales y la coordinaci\u00f3n. <\/p>\n\n\n\n<p>Esto ocurre porque el ejercicio estimula la irrigaci\u00f3n sangu\u00ednea de la  musculatura y del cerebro, por lo que \u00e9ste recibe m\u00e1s ox\u00edgeno y funciona mejor.<\/p>\n\n\n\n<p>En palabras del Director del Centro de Terapia y Salud del hospital St. Hildegardis en Colonia (Alemania), citamos lo siguiente: \u00abest\u00e1 demostrado que de esta manera se puede retrasar el desarrollo de la demencia y el deterioro de la enfermedad\u00bb <\/p>\n\n\n\n<p>Este entrenamiento regular se puede completar con otras disciplinas como caminar diariamente.<\/p>\n\n\n\n<p>Cuanto m\u00e1s haya avanzado la enfermedad ser\u00e1 m\u00e1s necesaria la asistencia de personal cualificado para acompa\u00f1ar a la persona. <\/p>\n\n\n\n<p>Pero siempre el deporte y el ejercicio f\u00edsico es bienvenido, y lo utilizaremos como otra herramienta para mantener en forma el cerebro.<\/p>\n\n\n\n<p><\/p>\n\n\n\n<p><\/p>","protected":false},"excerpt":{"rendered":"<p>En ARGO, somos defensores de utilizar el ejercicio f\u00edsico y el deporte como una herramienta de ayuda para ralentizar el avance de demencias, como el Alzheimer. Hemos estado investigando y aqu\u00ed os recogemos algunas conclusiones extra\u00eddas, las cuales, son muy interesantes. Un estudio sobre el entrenamiento f\u00edsico y demencia, realizado por el Centro Geri\u00e1trico de [&hellip;]<\/p>\n","protected":false},"author":1,"featured_media":1627,"comment_status":"open","ping_status":"closed","sticky":false,"template":"","format":"standard","meta":{"_acf_changed":false,"footnotes":""},"categories":[4,26],"class_list":["post-2378","post","type-post","status-publish","format-standard","has-post-thumbnail","hentry","category-de-interes","category-estimulacion-cognitiva"],"acf":[],"_links":{"self":[{"href":"https:\/\/www.argoterceraedad.es\/en\/wp-json\/wp\/v2\/posts\/2378","targetHints":{"allow":["GET"]}}],"collection":[{"href":"https:\/\/www.argoterceraedad.es\/en\/wp-json\/wp\/v2\/posts"}],"about":[{"href":"https:\/\/www.argoterceraedad.es\/en\/wp-json\/wp\/v2\/types\/post"}],"author":[{"embeddable":true,"href":"https:\/\/www.argoterceraedad.es\/en\/wp-json\/wp\/v2\/users\/1"}],"replies":[{"embeddable":true,"href":"https:\/\/www.argoterceraedad.es\/en\/wp-json\/wp\/v2\/comments?post=2378"}],"version-history":[{"count":3,"href":"https:\/\/www.argoterceraedad.es\/en\/wp-json\/wp\/v2\/posts\/2378\/revisions"}],"predecessor-version":[{"id":2449,"href":"https:\/\/www.argoterceraedad.es\/en\/wp-json\/wp\/v2\/posts\/2378\/revisions\/2449"}],"wp:featuredmedia":[{"embeddable":true,"href":"https:\/\/www.argoterceraedad.es\/en\/wp-json\/wp\/v2\/media\/1627"}],"wp:attachment":[{"href":"https:\/\/www.argoterceraedad.es\/en\/wp-json\/wp\/v2\/media?parent=2378"}],"wp:term":[{"taxonomy":"category","embeddable":true,"href":"https:\/\/www.argoterceraedad.es\/en\/wp-json\/wp\/v2\/categories?post=2378"}],"curies":[{"name":"wp","href":"https:\/\/api.w.org\/{rel}","templated":true}]}}