{"id":2450,"date":"2023-05-23T09:51:00","date_gmt":"2023-05-23T09:51:00","guid":{"rendered":"https:\/\/www.argoterceraedad.es\/?p=2450"},"modified":"2023-05-23T09:51:20","modified_gmt":"2023-05-23T09:51:20","slug":"el-papel-de-las-cuidadoras","status":"publish","type":"post","link":"https:\/\/www.argoterceraedad.es\/en\/el-papel-de-las-cuidadoras\/","title":{"rendered":"EL PAPEL DE LAS CUIDADORAS"},"content":{"rendered":"<p><\/p>\n\n\n\n<p>Con el envejecimiento de la poblaci\u00f3n, se ha vuelto crucial el papel de las cuidadoras en nuestra sociedad actual. A medida que m\u00e1s personas envejecen y viven m\u00e1s tiempo, aumenta la necesidad de atenci\u00f3n a largo plazo y cuidados para personas mayores y con discapacidades.<\/p>\n\n\n\n<p>Las cuidadoras desempe\u00f1an un papel fundamental en el cuidado de las personas mayores, tanto en el hogar como en entornos institucionales como residencias de ancianos. Proporcionan atenci\u00f3n y apoyo emocional, asistencia con actividades diarias como la higiene personal y la alimentaci\u00f3n, y tambi\u00e9n pueden ayudar con la administraci\u00f3n de medicamentos y el seguimiento de las citas m\u00e9dicas.<\/p>\n\n\n\n<p><\/p>\n\n\n\n<figure class=\"wp-block-image size-large is-resized\"><img fetchpriority=\"high\" decoding=\"async\" src=\"https:\/\/www.argoterceraedad.es\/wp-content\/uploads\/2023\/05\/fotos-para-el-blog-1-1024x576.png\" alt=\"\" class=\"wp-image-2452\" width=\"840\" height=\"472\" srcset=\"https:\/\/www.argoterceraedad.es\/wp-content\/uploads\/2023\/05\/fotos-para-el-blog-1-1024x576.png 1024w, https:\/\/www.argoterceraedad.es\/wp-content\/uploads\/2023\/05\/fotos-para-el-blog-1-300x169.png 300w, https:\/\/www.argoterceraedad.es\/wp-content\/uploads\/2023\/05\/fotos-para-el-blog-1-768x432.png 768w, https:\/\/www.argoterceraedad.es\/wp-content\/uploads\/2023\/05\/fotos-para-el-blog-1-1536x864.png 1536w, https:\/\/www.argoterceraedad.es\/wp-content\/uploads\/2023\/05\/fotos-para-el-blog-1-1320x743.png 1320w, https:\/\/www.argoterceraedad.es\/wp-content\/uploads\/2023\/05\/fotos-para-el-blog-1-600x338.png 600w, https:\/\/www.argoterceraedad.es\/wp-content\/uploads\/2023\/05\/fotos-para-el-blog-1.png 1920w\" sizes=\"(max-width: 840px) 100vw, 840px\" \/><\/figure>\n\n\n\n<p><\/p>\n\n\n\n<p>Sin embargo, es importante destacar que el papel de las cuidadoras puede ser estresante y agotador, por lo que es crucial brindarles el apoyo adecuado. Los programas de capacitaci\u00f3n y apoyo emocional pueden ser de gran ayuda para que las cuidadoras enfrenten los desaf\u00edos del cuidado a largo plazo. Adem\u00e1s, es fundamental contar con pol\u00edticas p\u00fablicas que garanticen que las cuidadoras tengan acceso a los recursos y servicios necesarios.<\/p>\n\n\n\n<p>Es importante mencionar que el envejecimiento de la poblaci\u00f3n tambi\u00e9n ha generado una mayor demanda de cuidadoras profesionales capacitadas. En este sentido, las pol\u00edticas p\u00fablicas pueden desempe\u00f1ar un papel importante en la formaci\u00f3n y educaci\u00f3n de estas profesionales, as\u00ed como en la regulaci\u00f3n y supervisi\u00f3n de las pr\u00e1cticas de cuidado.<\/p>\n\n\n\n<p><\/p>\n\n\n\n<figure class=\"wp-block-image size-large\"><img decoding=\"async\" width=\"1024\" height=\"576\" src=\"https:\/\/www.argoterceraedad.es\/wp-content\/uploads\/2023\/05\/fotos-para-el-blog-2-1024x576.png\" alt=\"acompa\u00f1amiento\" class=\"wp-image-2454\" srcset=\"https:\/\/www.argoterceraedad.es\/wp-content\/uploads\/2023\/05\/fotos-para-el-blog-2-1024x576.png 1024w, https:\/\/www.argoterceraedad.es\/wp-content\/uploads\/2023\/05\/fotos-para-el-blog-2-300x169.png 300w, https:\/\/www.argoterceraedad.es\/wp-content\/uploads\/2023\/05\/fotos-para-el-blog-2-768x432.png 768w, https:\/\/www.argoterceraedad.es\/wp-content\/uploads\/2023\/05\/fotos-para-el-blog-2-1536x864.png 1536w, https:\/\/www.argoterceraedad.es\/wp-content\/uploads\/2023\/05\/fotos-para-el-blog-2-1320x743.png 1320w, https:\/\/www.argoterceraedad.es\/wp-content\/uploads\/2023\/05\/fotos-para-el-blog-2-600x338.png 600w, https:\/\/www.argoterceraedad.es\/wp-content\/uploads\/2023\/05\/fotos-para-el-blog-2.png 1920w\" sizes=\"(max-width: 1024px) 100vw, 1024px\" \/><\/figure>\n\n\n\n<p><\/p>\n\n\n\n<p>En resumen, el envejecimiento de la poblaci\u00f3n plantea desaf\u00edos significativos en t\u00e9rminos de cuidado a largo plazo y atenci\u00f3n a las personas mayores y discapacitadas. Las cuidadoras desempe\u00f1an un papel vital en el cuidado de estas personas, por lo que es fundamental brindarles el apoyo adecuado para hacer frente a los desaf\u00edos del cuidado a largo plazo.<\/p>\n\n\n\n<p>Si est\u00e1s buscando una cuidadora para tus seres queridos, no dudes en <a href=\"https:\/\/www.argoterceraedad.es\/en\/cuidadoras-a-domicilio\/\">contactarnos<\/a>. Estaremos encantados de ayudarte.<\/p>\n\n\n\n<p><\/p>","protected":false},"excerpt":{"rendered":"<p>Con el envejecimiento de la poblaci\u00f3n, se ha vuelto crucial el papel de las cuidadoras en nuestra sociedad actual. A medida que m\u00e1s personas envejecen y viven m\u00e1s tiempo, aumenta la necesidad de atenci\u00f3n a largo plazo y cuidados para personas mayores y con discapacidades. Las cuidadoras desempe\u00f1an un papel fundamental en el cuidado de [&hellip;]<\/p>\n","protected":false},"author":1,"featured_media":2451,"comment_status":"open","ping_status":"open","sticky":false,"template":"","format":"standard","meta":{"_acf_changed":false,"footnotes":""},"categories":[4],"class_list":["post-2450","post","type-post","status-publish","format-standard","has-post-thumbnail","hentry","category-de-interes"],"acf":[],"_links":{"self":[{"href":"https:\/\/www.argoterceraedad.es\/en\/wp-json\/wp\/v2\/posts\/2450","targetHints":{"allow":["GET"]}}],"collection":[{"href":"https:\/\/www.argoterceraedad.es\/en\/wp-json\/wp\/v2\/posts"}],"about":[{"href":"https:\/\/www.argoterceraedad.es\/en\/wp-json\/wp\/v2\/types\/post"}],"author":[{"embeddable":true,"href":"https:\/\/www.argoterceraedad.es\/en\/wp-json\/wp\/v2\/users\/1"}],"replies":[{"embeddable":true,"href":"https:\/\/www.argoterceraedad.es\/en\/wp-json\/wp\/v2\/comments?post=2450"}],"version-history":[{"count":1,"href":"https:\/\/www.argoterceraedad.es\/en\/wp-json\/wp\/v2\/posts\/2450\/revisions"}],"predecessor-version":[{"id":2455,"href":"https:\/\/www.argoterceraedad.es\/en\/wp-json\/wp\/v2\/posts\/2450\/revisions\/2455"}],"wp:featuredmedia":[{"embeddable":true,"href":"https:\/\/www.argoterceraedad.es\/en\/wp-json\/wp\/v2\/media\/2451"}],"wp:attachment":[{"href":"https:\/\/www.argoterceraedad.es\/en\/wp-json\/wp\/v2\/media?parent=2450"}],"wp:term":[{"taxonomy":"category","embeddable":true,"href":"https:\/\/www.argoterceraedad.es\/en\/wp-json\/wp\/v2\/categories?post=2450"}],"curies":[{"name":"wp","href":"https:\/\/api.w.org\/{rel}","templated":true}]}}