{"id":2471,"date":"2023-08-24T09:56:54","date_gmt":"2023-08-24T09:56:54","guid":{"rendered":"https:\/\/www.argoterceraedad.es\/?p=2471"},"modified":"2023-09-13T10:06:48","modified_gmt":"2023-09-13T10:06:48","slug":"conexion-intergeneracional","status":"publish","type":"post","link":"https:\/\/www.argoterceraedad.es\/en\/conexion-intergeneracional\/","title":{"rendered":"EL PODER DE LAS HISTORIAS COMPARTIDAS: CONEXI\u00d3N INTERGENERACIONAL"},"content":{"rendered":"<p>En un mundo cada vez m\u00e1s acelerado y tecnol\u00f3gico, la soledad no deseada se ha convertido en un desaf\u00edo significativo para las personas mayores. La falta de interacci\u00f3n social puede tener efectos negativos en su bienestar emocional y mental, lo que hace que el papel de las cuidadoras y los servicios de cuidado a domicilio sean a\u00fan m\u00e1s importantes.<\/p>\n\n\n\n<p>Una forma poderosa de combatir la soledad y fomentar una conexi\u00f3n significativa es a trav\u00e9s de la interacci\u00f3n intergeneracional. Las experiencias compartidas entre personas de diferentes edades pueden enriquecer la vida de todos los involucrados. Especialmente, el intercambio de historias y vivencias entre abuelos y j\u00f3venes puede ser incre\u00edblemente valioso.<\/p>\n\n\n\n<p>En ARGO, entendemos la importancia de promover la conexi\u00f3n intergeneracional. Fomentamos la participaci\u00f3n activa de familiares y amigos en el cuidado de sus seres queridos mayores.\u00a0<\/p>\n\n\n\n<p><\/p>\n\n\n\n<figure class=\"wp-block-image size-large\"><img fetchpriority=\"high\" decoding=\"async\" width=\"1024\" height=\"576\" src=\"https:\/\/www.argoterceraedad.es\/wp-content\/uploads\/2023\/08\/2-1024x576.png\" alt=\"\" class=\"wp-image-2472\" srcset=\"https:\/\/www.argoterceraedad.es\/wp-content\/uploads\/2023\/08\/2-1024x576.png 1024w, https:\/\/www.argoterceraedad.es\/wp-content\/uploads\/2023\/08\/2-300x169.png 300w, https:\/\/www.argoterceraedad.es\/wp-content\/uploads\/2023\/08\/2-768x432.png 768w, https:\/\/www.argoterceraedad.es\/wp-content\/uploads\/2023\/08\/2-1536x864.png 1536w, https:\/\/www.argoterceraedad.es\/wp-content\/uploads\/2023\/08\/2-1320x743.png 1320w, https:\/\/www.argoterceraedad.es\/wp-content\/uploads\/2023\/08\/2-600x338.png 600w, https:\/\/www.argoterceraedad.es\/wp-content\/uploads\/2023\/08\/2.png 1920w\" sizes=\"(max-width: 1024px) 100vw, 1024px\" \/><\/figure>\n\n\n\n<p><\/p>\n\n\n\n<p>Las historias compartidas no solo ayudan a los mayores a sentirse valorados y escuchados, sino que tambi\u00e9n permiten a los m\u00e1s j\u00f3venes aprender lecciones valiosas y ganar perspectiva sobre la vida. La empat\u00eda y el respeto mutuo que se desarrollan a trav\u00e9s de estas interacciones son fundamentales para construir una sociedad m\u00e1s cohesionada y comprensiva.<\/p>\n\n\n\n<p>Adem\u00e1s, la conexi\u00f3n intergeneracional puede contribuir al enriquecimiento de la cultura y la tradici\u00f3n familiar. Muchas veces, los abuelos son los guardianes de la historia familiar, y compartir sus recuerdos y tradiciones con las generaciones m\u00e1s j\u00f3venes ayuda a mantener viva esa herencia.<\/p>\n\n\n\n<p><\/p>","protected":false},"excerpt":{"rendered":"<p>En un mundo cada vez m\u00e1s acelerado y tecnol\u00f3gico, la soledad no deseada se ha convertido en un desaf\u00edo significativo para las personas mayores. La falta de interacci\u00f3n social puede tener efectos negativos en su bienestar emocional y mental, lo que hace que el papel de las cuidadoras y los servicios de cuidado a domicilio [&hellip;]<\/p>\n","protected":false},"author":1,"featured_media":2473,"comment_status":"open","ping_status":"open","sticky":false,"template":"","format":"standard","meta":{"_acf_changed":false,"footnotes":""},"categories":[4,26],"class_list":["post-2471","post","type-post","status-publish","format-standard","has-post-thumbnail","hentry","category-de-interes","category-estimulacion-cognitiva"],"acf":[],"_links":{"self":[{"href":"https:\/\/www.argoterceraedad.es\/en\/wp-json\/wp\/v2\/posts\/2471","targetHints":{"allow":["GET"]}}],"collection":[{"href":"https:\/\/www.argoterceraedad.es\/en\/wp-json\/wp\/v2\/posts"}],"about":[{"href":"https:\/\/www.argoterceraedad.es\/en\/wp-json\/wp\/v2\/types\/post"}],"author":[{"embeddable":true,"href":"https:\/\/www.argoterceraedad.es\/en\/wp-json\/wp\/v2\/users\/1"}],"replies":[{"embeddable":true,"href":"https:\/\/www.argoterceraedad.es\/en\/wp-json\/wp\/v2\/comments?post=2471"}],"version-history":[{"count":2,"href":"https:\/\/www.argoterceraedad.es\/en\/wp-json\/wp\/v2\/posts\/2471\/revisions"}],"predecessor-version":[{"id":2476,"href":"https:\/\/www.argoterceraedad.es\/en\/wp-json\/wp\/v2\/posts\/2471\/revisions\/2476"}],"wp:featuredmedia":[{"embeddable":true,"href":"https:\/\/www.argoterceraedad.es\/en\/wp-json\/wp\/v2\/media\/2473"}],"wp:attachment":[{"href":"https:\/\/www.argoterceraedad.es\/en\/wp-json\/wp\/v2\/media?parent=2471"}],"wp:term":[{"taxonomy":"category","embeddable":true,"href":"https:\/\/www.argoterceraedad.es\/en\/wp-json\/wp\/v2\/categories?post=2471"}],"curies":[{"name":"wp","href":"https:\/\/api.w.org\/{rel}","templated":true}]}}